{"id":1068,"date":"2020-12-22T23:03:24","date_gmt":"2020-12-22T22:03:24","guid":{"rendered":"http:\/\/villaliterno.net\/?p=1068"},"modified":"2024-06-25T19:37:40","modified_gmt":"2024-06-25T17:37:40","slug":"il-dialetto-liternese-cultura-e-tradizione-di-angelo-riccardi","status":"publish","type":"post","link":"https:\/\/villaliterno.net\/index.php\/2020\/12\/22\/il-dialetto-liternese-cultura-e-tradizione-di-angelo-riccardi\/","title":{"rendered":"Il Dialetto Liternese &#8220;Cultura e Tradizione&#8221; di Angelo Riccardi"},"content":{"rendered":"<p style=\"text-align: center;\"><iframe loading=\"lazy\" style=\"border: none; overflow: hidden;\" src=\"https:\/\/www.facebook.com\/plugins\/video.php?href=https%3A%2F%2Fwww.facebook.com%2FFDGVILLALITERNO%2Fvideos%2F446384979706813%2F&amp;width=500&amp;show_text=false&amp;height=282&amp;appId\" width=\"500\" height=\"282\" frameborder=\"0\" scrolling=\"no\" allowfullscreen=\"allowfullscreen\"><\/iframe><\/p>\n<p><img loading=\"lazy\" decoding=\"async\" class=\"size-medium wp-image-1070 alignright\" src=\"http:\/\/villaliterno.net\/wp-content\/uploads\/2020\/12\/RitagliodiGiornale-268x300.jpg\" alt=\"\" width=\"268\" height=\"300\" srcset=\"https:\/\/villaliterno.net\/wp-content\/uploads\/2020\/12\/RitagliodiGiornale-268x300.jpg 268w, https:\/\/villaliterno.net\/wp-content\/uploads\/2020\/12\/RitagliodiGiornale-916x1024.jpg 916w, https:\/\/villaliterno.net\/wp-content\/uploads\/2020\/12\/RitagliodiGiornale-768x859.jpg 768w, https:\/\/villaliterno.net\/wp-content\/uploads\/2020\/12\/RitagliodiGiornale.jpg 1052w\" sizes=\"auto, (max-width: 268px) 100vw, 268px\" \/><\/p>\n<p style=\"padding-left: 40px;\">Angelo Riccardi \u00e8 nato a Villa Literno il 24 luglio 1937 dove attualmente risiede. Dopo aver completato le scuole commerciali presso l&#8217;Istituto Salvator Rosa di Napoli, ha studiato privatamente musica e ha militato per 18 mesi nella Banda Reggimentale del 48\u00b0 Fanteria di Bari, ricoprendo il ruolo di 1\u00b0 flicorno soprano. Ha gestito per molti anni un&#8217;azienda di falegnameria nella continuit\u00e0 di una tradizione artigiana tramandatagli dai propri antenati. Oltre ad occuparsi della coltivazione dei propri terreni, \u00e8 stato dipendente del &#8220;Consorzio Generale di Bonifica del Bacino Inferiore del Volturno&#8221;, operando in tutti i settori dell&#8217;Ente fino a concludere la carriera presso gli uffici della Sede centrale di Caserta. Si \u00e8 costantemente occupato di attivit\u00e0 socio-culturali operanti sul territorio nel campo dello sport, del teatro filodrammatico, dell&#8217;attivit\u00e0 radiofonica, delle diverse iniziative parrocchiali e, principalmente, nel fondare e dirigere per 13 anni, dal 1991 al 2003, il &#8220;Gruppo Bandistico San Tammaro &#8211; Citt\u00e0 di Villa Literno&#8221;, con il quale ha ottenuto lusinghieri successi in tutta la Campania.<\/p>\n","protected":false},"excerpt":{"rendered":"<p>Angelo Riccardi \u00e8 nato a Villa Literno il 24 luglio 1937 dove attualmente risiede. Dopo aver completato le scuole commerciali presso l&#8217;Istituto Salvator Rosa di Napoli, ha studiato privatamente musica e ha militato per 18 mesi nella Banda Reggimentale del 48\u00b0 Fanteria di Bari, ricoprendo il ruolo di 1\u00b0 flicorno soprano. Ha gestito per molti &hellip;<\/p>\n","protected":false},"author":1,"featured_media":1069,"comment_status":"open","ping_status":"open","sticky":false,"template":"","format":"standard","meta":{"_jetpack_memberships_contains_paid_content":false,"footnotes":""},"categories":[45],"tags":[39,40,42,38],"class_list":["post-1068","post","type-post","status-publish","format-standard","has-post-thumbnail","hentry","category-villa-literno","tag-angelo-riccardi","tag-liternese","tag-video","tag-villa-literno"],"jetpack_featured_media_url":"https:\/\/villaliterno.net\/wp-content\/uploads\/2020\/12\/IlDialettoLiterneseCulturaeTradizione.jpg","jetpack_sharing_enabled":true,"amp_enabled":true,"_links":{"self":[{"href":"https:\/\/villaliterno.net\/index.php\/wp-json\/wp\/v2\/posts\/1068","targetHints":{"allow":["GET"]}}],"collection":[{"href":"https:\/\/villaliterno.net\/index.php\/wp-json\/wp\/v2\/posts"}],"about":[{"href":"https:\/\/villaliterno.net\/index.php\/wp-json\/wp\/v2\/types\/post"}],"author":[{"embeddable":true,"href":"https:\/\/villaliterno.net\/index.php\/wp-json\/wp\/v2\/users\/1"}],"replies":[{"embeddable":true,"href":"https:\/\/villaliterno.net\/index.php\/wp-json\/wp\/v2\/comments?post=1068"}],"version-history":[{"count":1,"href":"https:\/\/villaliterno.net\/index.php\/wp-json\/wp\/v2\/posts\/1068\/revisions"}],"predecessor-version":[{"id":1071,"href":"https:\/\/villaliterno.net\/index.php\/wp-json\/wp\/v2\/posts\/1068\/revisions\/1071"}],"wp:featuredmedia":[{"embeddable":true,"href":"https:\/\/villaliterno.net\/index.php\/wp-json\/wp\/v2\/media\/1069"}],"wp:attachment":[{"href":"https:\/\/villaliterno.net\/index.php\/wp-json\/wp\/v2\/media?parent=1068"}],"wp:term":[{"taxonomy":"category","embeddable":true,"href":"https:\/\/villaliterno.net\/index.php\/wp-json\/wp\/v2\/categories?post=1068"},{"taxonomy":"post_tag","embeddable":true,"href":"https:\/\/villaliterno.net\/index.php\/wp-json\/wp\/v2\/tags?post=1068"}],"curies":[{"name":"wp","href":"https:\/\/api.w.org\/{rel}","templated":true}]}}